{"id":4542,"date":"2017-08-04T14:23:10","date_gmt":"2017-08-04T12:23:10","guid":{"rendered":"http:\/\/www.highschoolbasketball.it\/?p=4542"},"modified":"2017-08-04T14:23:10","modified_gmt":"2017-08-04T12:23:10","slug":"la-frustrazione-di-una-minor-tra-le-minors","status":"publish","type":"post","link":"https:\/\/highschoolbasketball.it\/?p=4542","title":{"rendered":"La frustrazione di una minor tra le minors."},"content":{"rendered":"<p>Nell\u2019estate del 2015 un gruppo di istruttori e qualche dirigente un po\u2019 visionario decidono di organizzarsi e di dare vita ad un nuovo Centro Minibasket. L\u2019idea \u00e8 quella di dedicarsi esclusivamente ai pi\u00f9 giovani con competenza e professionalit\u00e0, con pochi soldi ma con tanto entusiasmo e volont\u00e0.<\/p>\n<p>A questa idea si aggiunge Stefano Errani (affiancato dal suo gruppo di istruttori) che, con i suoi \u201cragazzi speciali\u201d, sposa il progetto e si inserisce a pieno titolo nel nostro staff di allenatori per occuparsi degli Over Limits, squadra composta da disabili di ogni et\u00e0.<\/p>\n<p>Nasce, il 28 Luglio 2015, la High School Basketball A.S.D..<\/p>\n<p>Consci della scarsit\u00e0 degli impianti in citt\u00e0 riusciamo a trovare spazio nella piccola palestra del Savoia. Questa palestra, come tutte le palestre degli Istituti Superiori, viene gestita direttamente dalla scuola e non dal Comune. Per noi \u00e8 un\u2019occasione da prendere al volo, perch\u00e9 \u00e8 una delle poche libere che rimane fuori dalle lotte per la conquista degli orari. E\u2019 piuttosto costosa per le nostre tasche, non tanto per la tariffa oraria, ma per il proibitivo canone mensile delle pulizie. Gli istruttori si autotassano rinunciano a una fetta dei loro gi\u00e0 esigui compensi, i dirigenti garantiscono comunque la copertura economica e si decide di partire con questa folle idea.<\/p>\n<p>Molti non sanno che gli scarsissimi spazi comunali, economicamente pi\u00f9 accessibili e normalmente pi\u00f9 idonei, vengono aspramente contesi dalle associazioni sportive. Ognuno \u00e8 alla ricerca di spazio per la propria attivit\u00e0, ma il principio generale che viene seguito nell\u2019assegnazione degli spazi \u00e8 quello della \u201cstoricit\u00e0\u201d. In parole povere, se un\u2019associazione usufruisce di un orario l\u2019anno precedente, questo le viene garantito anche l\u2019anno successivo. Indipendentemente dal numero degli iscritti, o dalle squadre iscritte al campionato, o dai normali flussi di aumento o diminuzione degli iscritti, durante le infernali riunioni che avvengono in comune per accordarsi sugli orari, ci\u00f2 che avviene, \u00e8 solo una ratifica delle assegnazioni dell\u2019anno precedente. Ovviamente gli orari sono sempre tutti occupati, almeno sulla carta, e vengono puntualmente confermati. Sulla carta, perch\u00e9 nessuno lascia uno spazio anche se non \u00e8 certo che lo utilizzer\u00e0, perch\u00e9 una volta lasciato sa di non riprenderlo mai pi\u00f9. Quindi si conserva ci\u00f2 che si ha, e si restituisce solo nel caso in cui il costo da sostenere per una palestra vuota sia effettivamente inaffrontabile e, qualora si decida di farlo, mai prima di averne l\u2019assoluta certezza. Ci\u00f2 avviene molto raramente e solitamente solo verso gennaio, quando \u00e8 impossibile cambiare orario di allenamento per ovvi motivi organizzativi degli atleti e degli allenatori.<\/p>\n<p>Faccio solo l\u2019istruttrice, non sono esperta di queste procedure, ma non posso non chiedermi quanto tutto ci\u00f2 sia regolare. Dov\u2019\u00e8 la garanzia delle pari opportunit\u00e0?<\/p>\n<p>Riusciamo per\u00f2 ad ottenere, per la nostra squadra di disabili, un\u2019ora settimanale, il sabato pomeriggio alle 15.30, nella decadente cornice del Palaveneto. Purtroppo l\u2019unico spazio comunale disponibile per i nostri ragazzi \u00e8 quello. Per il minibasket, ovviamente, non c\u2019\u00e8 niente.<\/p>\n<p>Senza investire in pubblicit\u00e0, ma affidandoci esclusivamente al passaparola, apriamo il nostro Centro Minibasket nella palestra del Savoia e accogliamo sin da subito 30 bambini. Evidentemente il passaparola funziona, e pur lavorando in una palestrina sconosciuta e fuori dal centro urbano, nel secondo anno di attivit\u00e0, gli iscritti arrivano velocemente a 64.<\/p>\n<p>Forse c\u2019\u00e8 un effettivo bisogno di un\u2019alternativa rispetto alle proposte gi\u00e0 esistenti, tutte rispettabili, ma diverse dalla nostra. Sembrer\u00f2 presuntuosa, ma se avessimo una palestra decente, forse sarebbe ancor pi\u00f9 evidente.<\/p>\n<p>Durante il secondo anno di attivit\u00e0, riusciamo faticosamente a \u201cconquistare\u201d, per i nostri ragazzi di 12 anni, un altro spazio comunale per un solo allenamento settimanale nel pallone geodetico di Vallemiano, da molti considerato un \u201cbrutto campo\u201d per noi una vera e propria chimera. La palestrina del Savoia \u00e8 ormai troppo piccola per le loro esigenze, e quell\u2019ora e mezza a Vallemiano ci d\u00e0 un po\u2019 di respiro e ci consente di lavorare bene e in un posto idoneo, almeno durante un allenamento settimanale su tre.<\/p>\n<p>Anche gli Overlimits completano la loro formazione arrivando a 13 ragazzi; per loro ci sono gli incontri di integrazione con gli alunni di diverse realt\u00e0 scolastiche, la partecipazione all\u2019Eurocamp di Cesenatico e tante altre attivit\u00e0 mirate alla rottura dei ghetti delle diverse forme di disabilit\u00e0, mettendo in comunicazione, sullo stesso campo, atleti con disabilit\u00e0 psichica e psicofisica, con atleti normodotati con la consapevolezza di far parte tutti di un\u2019unica squadra. Durante il secondo anno spostano la loro attivit\u00e0 dal Palaveneto alle scuole Leopardi, palestrina piccola ma, in qualche modo, sufficiente alla loro attivit\u00e0.<\/p>\n<p>In questi due anni di minibasket abbiamo totalizzato pi\u00f9 di 800 ore di allenamento, circa 100 partite, tantissimi tornei locali e due fuori sede, la partecipazione al camp di Sportilia, per la gioia dei nostri ragazzi che, venendo sempre tutti coinvolti, senza alcuna selezione, rispondono partecipando massivamente.<\/p>\n<p>I nostri ragazzi crescono, 18 di loro nella prossima stagione sportiva compiono 13 anni e devono naturalmente uscire dal mondo del minibasket per affrontare quello delle Under.<\/p>\n<p>Siamo molto orgogliosi di loro, sono la nostra \u201cprima squadra\u201d, una meravigliosa Under 13 composta da amici cresciuti insieme giocando a basket.<\/p>\n<p>Consci di non poter separare la squadra, mandando ognuno per la sua strada, e consapevoli di doverli far allenare e giocare (per regolamento federale) in un campo con determinati requisiti, ci lanciamo nell\u2019avventura folle dei bandi per l\u2019assegnazione della gestione degli impianti sportivi comunali.<\/p>\n<p>Tali bandi attribuiscono un importante punteggio per \u201cl\u2019esperienza nella gestione degli spazi sportivi\u201d che rende abbastanza vano qualsiasi nostro tentativo. Infatti cos\u00ec accade, si ripete la stessa storia dell\u2019assegnazione degli orari degli impianti comunali. Le nuove associazioni sono escluse a priori, \u00e7a va sans dire.<\/p>\n<p>Ci presenteremo di nuovo in comune, il 30 e 31 di Agosto, alla consueta riunione per accordare la distribuzione degli spazi comunali, sperando che non sia come sempre un\u2019irragionevole ratifica degli spazi gi\u00e0 concessi.<\/p>\n<p>La domanda \u00e8 gi\u00e0 pronta. Ci sar\u00e0 spazio per noi? Verremo anche quest\u2019anno esclusi dai giochi o ci sar\u00e0 spazio anche per la nostra piccola ma crescente associazione sportiva, che si occupa delle fasce pi\u00f9 deboli di questa societ\u00e0 (bambini e disabili) o non troveremo spazio neanche stavolta?<\/p>\n<p>Qualcuno potrebbe obiettare che in citt\u00e0 non c\u2019era bisogno di un altro centro minibasket, che gli spazi sono insufficienti per quelli che gi\u00e0 esistevano.<\/p>\n<p>A loro rispondo chiedendo di spiegarlo a quei 64 ragazzini e 13 disabili e che invece hanno scelto noi. Soprattutto a quei 18 tredicenni che si aspettano di giocare ancora insieme il prossimo campionato e che probabilmente non avranno un campo dove poterlo fare.<\/p>\n<p>Anna Ferracuti<\/p>\n<p>Istruttore High School Basketball<\/p>\n","protected":false},"excerpt":{"rendered":"<p>Nell\u2019estate del 2015 un gruppo di istruttori e qualche dirigente un po\u2019 visionario decidono di organizzarsi e di dare vita ad un nuovo Centro Minibasket. L\u2019idea \u00e8 quella di dedicarsi esclusivamente ai pi\u00f9 giovani con competenza e professionalit\u00e0, con pochi soldi ma con tanto entusiasmo e volont\u00e0. A questa idea si aggiunge Stefano Errani (affiancato [&hellip;]<\/p>\n","protected":false},"author":2,"featured_media":4543,"comment_status":"closed","ping_status":"closed","sticky":false,"template":"","format":"standard","meta":{"footnotes":""},"categories":[9,10],"tags":[114,124],"class_list":["post-4542","post","type-post","status-publish","format-standard","has-post-thumbnail","hentry","category-minibasket","category-overlimits","tag-minibasket","tag-overlimits"],"_links":{"self":[{"href":"https:\/\/highschoolbasketball.it\/index.php?rest_route=\/wp\/v2\/posts\/4542","targetHints":{"allow":["GET"]}}],"collection":[{"href":"https:\/\/highschoolbasketball.it\/index.php?rest_route=\/wp\/v2\/posts"}],"about":[{"href":"https:\/\/highschoolbasketball.it\/index.php?rest_route=\/wp\/v2\/types\/post"}],"author":[{"embeddable":true,"href":"https:\/\/highschoolbasketball.it\/index.php?rest_route=\/wp\/v2\/users\/2"}],"replies":[{"embeddable":true,"href":"https:\/\/highschoolbasketball.it\/index.php?rest_route=%2Fwp%2Fv2%2Fcomments&post=4542"}],"version-history":[{"count":0,"href":"https:\/\/highschoolbasketball.it\/index.php?rest_route=\/wp\/v2\/posts\/4542\/revisions"}],"wp:featuredmedia":[{"embeddable":true,"href":"https:\/\/highschoolbasketball.it\/index.php?rest_route=\/wp\/v2\/media\/4543"}],"wp:attachment":[{"href":"https:\/\/highschoolbasketball.it\/index.php?rest_route=%2Fwp%2Fv2%2Fmedia&parent=4542"}],"wp:term":[{"taxonomy":"category","embeddable":true,"href":"https:\/\/highschoolbasketball.it\/index.php?rest_route=%2Fwp%2Fv2%2Fcategories&post=4542"},{"taxonomy":"post_tag","embeddable":true,"href":"https:\/\/highschoolbasketball.it\/index.php?rest_route=%2Fwp%2Fv2%2Ftags&post=4542"}],"curies":[{"name":"wp","href":"https:\/\/api.w.org\/{rel}","templated":true}]}}